{"id":706,"date":"2026-03-17T14:42:28","date_gmt":"2026-03-17T17:42:28","guid":{"rendered":"http:\/\/blog.emersonmilhorin.com.br\/?p=706"},"modified":"2026-03-17T14:42:28","modified_gmt":"2026-03-17T17:42:28","slug":"comorbidade-e-dupla-excepcionalidade-perfis-que-desafiam-o-olhar-clinico-e-educacional","status":"publish","type":"post","link":"http:\/\/blog.emersonmilhorin.com.br\/index.php\/2026\/03\/17\/comorbidade-e-dupla-excepcionalidade-perfis-que-desafiam-o-olhar-clinico-e-educacional\/","title":{"rendered":"Comorbidade e dupla excepcionalidade: perfis que desafiam o olhar cl\u00ednico e educacional"},"content":{"rendered":"\n<p>Alguns perfis cl\u00ednicos e educacionais s\u00e3o mais complexos do que aparentam. \u00c9 o caso de pessoas que apresentam mais de um diagn\u00f3stico ou que re\u00fanem caracter\u00edsticas aparentemente opostas, como alto desempenho e dificuldade de aprendizagem. Para entender melhor essas situa\u00e7\u00f5es, \u00e9 importante diferenciar dois conceitos frequentemente confundidos: <strong>comorbidade<\/strong> e <strong>dupla excepcionalidade<\/strong>.<\/p>\n\n\n\n<p>Embora ambos envolvam mais de uma condi\u00e7\u00e3o em um mesmo indiv\u00edduo, suas naturezas s\u00e3o diferentes e suas implica\u00e7\u00f5es tamb\u00e9m.<\/p>\n\n\n\n<h2 class=\"wp-block-heading has-text-color\" style=\"color:#002d54\"><strong>O que \u00e9 comorbidade<\/strong><\/h2>\n\n\n\n<p>O termo comorbidade vem da jun\u00e7\u00e3o de &#8220;co&#8221;, que significa &#8220;junto&#8221;, e &#8220;morbidade&#8221;, que se refere \u00e0 presen\u00e7a de uma doen\u00e7a ou condi\u00e7\u00e3o. Portanto, comorbidade \u00e9 quando <strong>duas ou mais condi\u00e7\u00f5es m\u00e9dicas ocorrem simultaneamente em um mesmo indiv\u00edduo<\/strong>.<\/p>\n\n\n\n<p>A comorbidade pode envolver transtornos que compartilham mecanismos semelhantes ou que interagem entre si, mas tamb\u00e9m pode incluir doen\u00e7as sem rela\u00e7\u00e3o direta, coexistindo por fatores gen\u00e9ticos, ambientais ou comportamentais.<\/p>\n\n\n\n<p>\u00c9 comum, por exemplo, encontrar:<\/p>\n\n\n\n<p>\u2022 Transtorno de d\u00e9ficit de aten\u00e7\u00e3o e hiperatividade (TDAH) coexistindo com transtorno de ansiedade<br>\u2022 Transtorno do espectro autista (TEA) associado a epilepsia<br>\u2022 Depress\u00e3o acompanhada de transtorno de aprendizagem ou dor cr\u00f4nica<\/p>\n\n\n\n<p>As comorbidades podem interferir na apresenta\u00e7\u00e3o dos sintomas, dificultar o diagn\u00f3stico e impactar a resposta ao tratamento. Por isso, \u00e9 essencial que o profissional da sa\u00fade mental ou m\u00e9dica avalie o quadro completo, considerando todas as manifesta\u00e7\u00f5es presentes.<\/p>\n\n\n\n<h2 class=\"wp-block-heading has-text-color\" style=\"color:#002d54\"><strong>O que \u00e9 dupla excepcionalidade<\/strong><\/h2>\n\n\n\n<p>A dupla excepcionalidade \u00e9 um conceito mais utilizado na psicologia e na educa\u00e7\u00e3o, especialmente em crian\u00e7as e adolescentes. Ela descreve a situa\u00e7\u00e3o em que uma pessoa apresenta simultaneamente <strong>altas habilidades ou superdota\u00e7\u00e3o<\/strong> e <strong>algum transtorno do neurodesenvolvimento ou de aprendizagem<\/strong>.<\/p>\n\n\n\n<p>Ou seja, trata-se de um perfil que combina <strong>potencial elevado com desafios reais<\/strong>. Essa combina\u00e7\u00e3o torna o diagn\u00f3stico mais dif\u00edcil e exige um olhar muito mais refinado.<\/p>\n\n\n\n<p>Alguns exemplos incluem:<\/p>\n\n\n\n<p>\u2022 Crian\u00e7a com habilidades intelectuais acima da m\u00e9dia e TDAH<br>\u2022 Adolescente com racioc\u00ednio l\u00f3gico avan\u00e7ado e dislexia<br>\u2022 Estudante com talento verbal e diagn\u00f3stico de transtorno do espectro autista<\/p>\n\n\n\n<p>Na pr\u00e1tica, uma das caracter\u00edsticas pode <strong>mascarar a outra<\/strong>. A superdota\u00e7\u00e3o pode camuflar as dificuldades, ou o transtorno pode esconder o potencial. Em ambos os casos, \u00e9 comum que a crian\u00e7a n\u00e3o receba nem o apoio necess\u00e1rio para suas dificuldades, nem o est\u00edmulo adequado para seu desenvolvimento.<\/p>\n\n\n\n<h2 class=\"wp-block-heading has-text-color\" style=\"color:#002d54\"><strong>Por que \u00e9 importante diferenciar os dois conceitos<\/strong><\/h2>\n\n\n\n<p>Comorbidade e dupla excepcionalidade envolvem m\u00faltiplos diagn\u00f3sticos, mas t\u00eam implica\u00e7\u00f5es distintas. A comorbidade se refere \u00e0 <strong>presen\u00e7a simult\u00e2nea de condi\u00e7\u00f5es cl\u00ednicas ou psiqui\u00e1tricas<\/strong>, que precisam ser tratadas de forma integrada. J\u00e1 a dupla excepcionalidade exige uma abordagem que <strong>reconhe\u00e7a tanto o talento quanto a limita\u00e7\u00e3o<\/strong>, e que promova estrat\u00e9gias de ensino, apoio emocional e acompanhamento cl\u00ednico personalizados.<\/p>\n\n\n\n<p>Confundir os dois conceitos pode levar a erros de diagn\u00f3stico, interven\u00e7\u00f5es ineficazes e \u00e0 desvaloriza\u00e7\u00e3o de habilidades importantes. Al\u00e9m disso, o n\u00e3o reconhecimento de uma dupla excepcionalidade pode afetar negativamente a autoestima, a motiva\u00e7\u00e3o e o desenvolvimento escolar ou social da crian\u00e7a ou jovem.<\/p>\n\n\n\n<p>Perfis complexos exigem um olhar atento, multidimensional e sem pressa. Compreender a diferen\u00e7a entre comorbidade e dupla excepcionalidade \u00e9 essencial para oferecer <strong>um cuidado mais justo, eficaz e humano<\/strong>. Cada indiv\u00edduo precisa ser compreendido na totalidade das suas dificuldades e das suas capacidades.<\/p>\n\n\n\n<p>A avalia\u00e7\u00e3o especializada, que integra aspectos cl\u00ednicos, emocionais e educacionais, \u00e9 o caminho mais seguro para identificar esses perfis e orientar interven\u00e7\u00f5es adequadas.<\/p>\n","protected":false},"excerpt":{"rendered":"<p>Comorbidade e dupla excepcionalidade n\u00e3o s\u00e3o sin\u00f4nimos. Entenda suas diferen\u00e7as, com defini\u00e7\u00f5es claras, exemplos e implica\u00e7\u00f5es no diagn\u00f3stico e na interven\u00e7\u00e3o.<\/p>\n","protected":false},"author":2,"featured_media":707,"comment_status":"open","ping_status":"open","sticky":false,"template":"","format":"standard","meta":[],"categories":[2,13,1],"tags":[244,245,18,19,30,176],"_links":{"self":[{"href":"http:\/\/blog.emersonmilhorin.com.br\/index.php\/wp-json\/wp\/v2\/posts\/706"}],"collection":[{"href":"http:\/\/blog.emersonmilhorin.com.br\/index.php\/wp-json\/wp\/v2\/posts"}],"about":[{"href":"http:\/\/blog.emersonmilhorin.com.br\/index.php\/wp-json\/wp\/v2\/types\/post"}],"author":[{"embeddable":true,"href":"http:\/\/blog.emersonmilhorin.com.br\/index.php\/wp-json\/wp\/v2\/users\/2"}],"replies":[{"embeddable":true,"href":"http:\/\/blog.emersonmilhorin.com.br\/index.php\/wp-json\/wp\/v2\/comments?post=706"}],"version-history":[{"count":1,"href":"http:\/\/blog.emersonmilhorin.com.br\/index.php\/wp-json\/wp\/v2\/posts\/706\/revisions"}],"predecessor-version":[{"id":709,"href":"http:\/\/blog.emersonmilhorin.com.br\/index.php\/wp-json\/wp\/v2\/posts\/706\/revisions\/709"}],"wp:featuredmedia":[{"embeddable":true,"href":"http:\/\/blog.emersonmilhorin.com.br\/index.php\/wp-json\/wp\/v2\/media\/707"}],"wp:attachment":[{"href":"http:\/\/blog.emersonmilhorin.com.br\/index.php\/wp-json\/wp\/v2\/media?parent=706"}],"wp:term":[{"taxonomy":"category","embeddable":true,"href":"http:\/\/blog.emersonmilhorin.com.br\/index.php\/wp-json\/wp\/v2\/categories?post=706"},{"taxonomy":"post_tag","embeddable":true,"href":"http:\/\/blog.emersonmilhorin.com.br\/index.php\/wp-json\/wp\/v2\/tags?post=706"}],"curies":[{"name":"wp","href":"https:\/\/api.w.org\/{rel}","templated":true}]}}